{"id":168,"date":"2013-10-15T09:15:54","date_gmt":"2013-10-15T09:15:54","guid":{"rendered":"http:\/\/www.xn--nrdoteket-l8a.dk\/?p=168"},"modified":"2016-05-07T07:20:33","modified_gmt":"2016-05-07T07:20:33","slug":"opsang-til-de-it-professionelle","status":"publish","type":"post","link":"https:\/\/noerdoteket.dk\/index.php\/2013\/10\/15\/opsang-til-de-it-professionelle\/","title":{"rendered":"Opsang til de IT professionelle"},"content":{"rendered":"<blockquote>\n<p class=\"p1\"><span class=\"s1\">L\u00e6serbrev sendt til V2.dk i forbindelse med kommunalvalget 2013. Stadig relevant, s\u00e5 jeg tager den med her.\u00a0<\/span><\/p>\n<\/blockquote>\n<p class=\"p2\"><span class=\"s1\">Trine Bramsens indl\u00e6g om TOR har forst\u00e5eligt nok aff\u00f8dt en masse kommentarer. Trine har sikkert mange kvalifikationer, men IT kundskaber og N\u00f8rd-t\u00e6kke kan n\u00e6ppe siges at v\u00e6re iblandt dem.<\/span><\/p>\n<p class=\"p2\"><span class=\"s1\">Der er masser af fokus p\u00e5 IT i det offentlige for tiden. Digitaliseringen v\u00e6lter i stride str\u00f8mme ned over vores syndige hoveder, men guderne skal vide at der er behov for st\u00f8rre fokus p\u00e5 planl\u00e6gningen, implementeringen, driften af IT i det offentlige. Det bliver der lystigt skrevet om her p\u00e5 version2.<\/span><\/p>\n<p class=\"p2\"><span class=\"s1\">Men jeg bliver lige n\u00f8dt til at placere bagdelen i klaskeh\u00f8jde: k\u00e6re med-N\u00f8rder, vi har selv en stor del af ansvaret for problemerne!<\/span><\/p>\n<p><!--more Klik HER for at l\u00e6se mere--><\/p>\n<p class=\"p2\"><span class=\"s1\">Det m\u00e5 vel efterh\u00e5nden fremg\u00e5 tydeligt for selv den mest tungnemme, at politikerne ikke lytter til eksperterne. Diskussionen om e-valg i for\u00e5ret er et godt eksempel hvor min personlige favorit var kommunalordf\u00f8reren for Socialdemokraterne Simon Kollerup\u2019s svar p\u00e5 eksperternes kritik: \u201dMin politiske vurdering er, at vi med e-valg kan f\u00e5 et mere sikkert valg \u2026\u201d.<\/span><\/p>\n<p class=\"p2\"><span class=\"s1\">N\u00e5r jeg s\u00e5 ser kommentarer om at vi liges\u00e5 godt kan stemme blankt, og at alle politikere er idioter bliver jeg sur. K\u00e6re alle, det er vores pligt i et demokratisk samfund at l\u00f8fte i flok, og det vil sige at hvis man kan se et problem, og der ikke er nogen nuv\u00e6rende politikere som lytter, s\u00e5 s\u00f8g dog indflydelsen direkte. Her p\u00e5 version2 befinder der sig en enorm talentmasse som virkelig kunne g\u00f8re en forskel. Det er sgu lidt for nemt at sidde bag sk\u00e6rmen og bitche. T\u00e6nk hvis vi kunne f\u00e5 bare en IT-professionel ind i hver kommune, som kunne v\u00e6re fornuftens stemme, n\u00e5r resten af kommunalbestyrelsen f\u00e5r endnu en \u201dgod ide\u201d. Sikre at nye systemer bliver ordentlig specificeret, implementeret og ikke mindst testet f\u00f8r idrifts\u00e6ttelsen.<\/span><\/p>\n<p class=\"p2\"><span class=\"s1\">Det smukke med en IT-dagsorden er jo, at den ret beset er apolitisk, s\u00e5 det er jo bare at v\u00e6lge det parti man nu er mest enig med. Hvis der ikke er nogen partier s\u00e5 er det jo s\u00e5 smart ved et kommunalvalg, at man blot skal have samlet mellem 25 og 150 underskrifter afh\u00e6ngig af kommune eller region, og s\u00e5 kan man give den gas med egne holdninger p\u00e5 helt egen lokalliste. Der er INGEN undskyldning!<\/span><\/p>\n<p class=\"p2\"><span class=\"s1\">Jeg stiller selv for f\u00f8rste gang op som kandidat i Rudersdal kommune med en skarp IT dagsorden. Rudersdal har som s\u00e5 mange andre kommuner haft travlt med at indf\u00f8re diverse IT systemer med varierende held, og det ses tydeligt p\u00e5 de efterf\u00f8lgende kvaler for borgerne at man ikke har gjort sig det klart hvad brugernes forventninger og behov egentlig er. En borger har f.eks. brugt samlet 300 timer over en 8 m\u00e5neders periode p\u00e5 at finde en institutionsplads til sit barn. Det nye IT system er nemlig indrettet s\u00e5ledes at man manuelt skal s\u00f8ge p\u00e5 datoer for at se om der er ledige pladser. Det skal man s\u00e5 g\u00f8re hver dag, da ledige\/optagede pladser selvf\u00f8lgelig \u00e6ndres l\u00f8bende. Her gik jeg og troede at IT skulle fjerne manuelle arbejdsgange, ikke skabe dem. Dette blot et blandt mange eksempler, og jeg er sikker p\u00e5 at man i samtlige kommuner kan komme med tilsvarende eksempler.<\/span><\/p>\n<p class=\"p2\"><span class=\"s1\">Kommunalpolitik er ikke et karriere\u00f8nske for mig, jeg har allerede en meget mere sp\u00e6ndende og v\u00e6sentlig mere lukrativ karriere i det private erhvervsliv, men det er n\u00f8dvendigt at nogen g\u00f8r det. Og med digitaliseringsstrategien for de kommende \u00e5r bliver det mere og mere n\u00f8dvendigt. Jeg ville \u00f8nske mig at jeg ved v\u00e6lgerm\u00f8der ikke var den eneste som fors\u00f8ger at itales\u00e6tte behovet for mere professionel tilgang til IT i kommunerne. Det er ikke et nemt emne at f\u00e5 v\u00e6lgerne med p\u00e5, da bullshit-faktoren er ret lav i forhold til fraser som \u201dfremragende b\u00f8rn skal have fremragende skoler\u201d.<\/span><\/p>\n<p class=\"p2\"><span class=\"s1\">Husk i det mindste at stemme p\u00e5 tirsdag \u2013 alt andet er for fesent.<\/span><\/p>\n<p class=\"p2\"><span class=\"s1\">\u00a0<\/span><\/p>\n<p class=\"p2\"><span class=\"s1\">Steen Garbers Enevoldsen, M.Sc.EE.<\/span><\/p>\n<p class=\"p2\"><span class=\"s1\">Kandidat for Liberal Alliance i Rudersdal Kommune<\/span><\/p>\n<p class=\"p2\"><span class=\"s1\">\u00a0<\/span><\/p>\n","protected":false},"excerpt":{"rendered":"<p>L\u00e6serbrev sendt til V2.dk i forbindelse med kommunalvalget 2013. Stadig relevant, s\u00e5 jeg tager den med her.\u00a0 Trine Bramsens indl\u00e6g om TOR har forst\u00e5eligt nok aff\u00f8dt en masse kommentarer. Trine har sikkert mange kvalifikationer, men IT kundskaber og N\u00f8rd-t\u00e6kke kan n\u00e6ppe siges at v\u00e6re iblandt dem. Der er masser af fokus p\u00e5 IT i det &hellip; <a href=\"https:\/\/noerdoteket.dk\/index.php\/2013\/10\/15\/opsang-til-de-it-professionelle\/\" class=\"more-link\">L\u00e6s videre<span class=\"screen-reader-text\"> &#8220;Opsang til de IT professionelle&#8221;<\/span><\/a><\/p>\n","protected":false},"author":1,"featured_media":0,"comment_status":"open","ping_status":"open","sticky":false,"template":"","format":"standard","meta":{"footnotes":""},"categories":[20],"tags":[],"class_list":["post-168","post","type-post","status-publish","format-standard","hentry","category-politik"],"yoast_head":"<!-- This site is optimized with the Yoast SEO plugin v25.8 - https:\/\/yoast.com\/wordpress\/plugins\/seo\/ -->\n<title>Opsang til de IT professionelle - N\u00f8rd&#039;o&#039;teket<\/title>\n<meta name=\"robots\" content=\"index, follow, max-snippet:-1, max-image-preview:large, max-video-preview:-1\" \/>\n<link rel=\"canonical\" href=\"https:\/\/noerdoteket.dk\/index.php\/2013\/10\/15\/opsang-til-de-it-professionelle\/\" \/>\n<meta property=\"og:locale\" content=\"da_DK\" \/>\n<meta property=\"og:type\" content=\"article\" \/>\n<meta property=\"og:title\" content=\"Opsang til de IT professionelle - N\u00f8rd&#039;o&#039;teket\" \/>\n<meta property=\"og:description\" content=\"L\u00e6serbrev sendt til V2.dk i forbindelse med kommunalvalget 2013. Stadig relevant, s\u00e5 jeg tager den med her.\u00a0 Trine Bramsens indl\u00e6g om TOR har forst\u00e5eligt nok aff\u00f8dt en masse kommentarer. Trine har sikkert mange kvalifikationer, men IT kundskaber og N\u00f8rd-t\u00e6kke kan n\u00e6ppe siges at v\u00e6re iblandt dem. Der er masser af fokus p\u00e5 IT i det &hellip; L\u00e6s videre &quot;Opsang til de IT professionelle&quot;\" \/>\n<meta property=\"og:url\" content=\"https:\/\/noerdoteket.dk\/index.php\/2013\/10\/15\/opsang-til-de-it-professionelle\/\" \/>\n<meta property=\"og:site_name\" content=\"N\u00f8rd&#039;o&#039;teket\" \/>\n<meta property=\"article:published_time\" content=\"2013-10-15T09:15:54+00:00\" \/>\n<meta property=\"article:modified_time\" content=\"2016-05-07T07:20:33+00:00\" \/>\n<meta name=\"author\" content=\"Steen Garbers Enevoldsen\" \/>\n<meta name=\"twitter:card\" content=\"summary_large_image\" \/>\n<meta name=\"twitter:label1\" content=\"Skrevet af\" \/>\n\t<meta name=\"twitter:data1\" content=\"Steen Garbers Enevoldsen\" \/>\n\t<meta name=\"twitter:label2\" content=\"Estimeret l\u00e6setid\" \/>\n\t<meta name=\"twitter:data2\" content=\"4 minutter\" \/>\n<script type=\"application\/ld+json\" class=\"yoast-schema-graph\">{\"@context\":\"https:\/\/schema.org\",\"@graph\":[{\"@type\":\"WebPage\",\"@id\":\"https:\/\/noerdoteket.dk\/index.php\/2013\/10\/15\/opsang-til-de-it-professionelle\/\",\"url\":\"https:\/\/noerdoteket.dk\/index.php\/2013\/10\/15\/opsang-til-de-it-professionelle\/\",\"name\":\"Opsang til de IT professionelle - N\u00f8rd&#039;o&#039;teket\",\"isPartOf\":{\"@id\":\"https:\/\/noerdoteket.dk\/#website\"},\"datePublished\":\"2013-10-15T09:15:54+00:00\",\"dateModified\":\"2016-05-07T07:20:33+00:00\",\"author\":{\"@id\":\"https:\/\/noerdoteket.dk\/#\/schema\/person\/8ce5cde334be233f967af616016bb204\"},\"breadcrumb\":{\"@id\":\"https:\/\/noerdoteket.dk\/index.php\/2013\/10\/15\/opsang-til-de-it-professionelle\/#breadcrumb\"},\"inLanguage\":\"da-DK\",\"potentialAction\":[{\"@type\":\"ReadAction\",\"target\":[\"https:\/\/noerdoteket.dk\/index.php\/2013\/10\/15\/opsang-til-de-it-professionelle\/\"]}]},{\"@type\":\"BreadcrumbList\",\"@id\":\"https:\/\/noerdoteket.dk\/index.php\/2013\/10\/15\/opsang-til-de-it-professionelle\/#breadcrumb\",\"itemListElement\":[{\"@type\":\"ListItem\",\"position\":1,\"name\":\"Hjem\",\"item\":\"https:\/\/noerdoteket.dk\/\"},{\"@type\":\"ListItem\",\"position\":2,\"name\":\"Opsang til de IT professionelle\"}]},{\"@type\":\"WebSite\",\"@id\":\"https:\/\/noerdoteket.dk\/#website\",\"url\":\"https:\/\/noerdoteket.dk\/\",\"name\":\"N\u00f8rd&#039;o&#039;teket\",\"description\":\"L\u00f8st og fast om teknologi og dimser\",\"potentialAction\":[{\"@type\":\"SearchAction\",\"target\":{\"@type\":\"EntryPoint\",\"urlTemplate\":\"https:\/\/noerdoteket.dk\/?s={search_term_string}\"},\"query-input\":{\"@type\":\"PropertyValueSpecification\",\"valueRequired\":true,\"valueName\":\"search_term_string\"}}],\"inLanguage\":\"da-DK\"},{\"@type\":\"Person\",\"@id\":\"https:\/\/noerdoteket.dk\/#\/schema\/person\/8ce5cde334be233f967af616016bb204\",\"name\":\"Steen Garbers Enevoldsen\",\"image\":{\"@type\":\"ImageObject\",\"inLanguage\":\"da-DK\",\"@id\":\"https:\/\/noerdoteket.dk\/#\/schema\/person\/image\/\",\"url\":\"https:\/\/secure.gravatar.com\/avatar\/31c4fda78957be0bba5bc847b437e1a07f9953e3d93973672280800e8c1dcd34?s=96&d=wavatar&r=g\",\"contentUrl\":\"https:\/\/secure.gravatar.com\/avatar\/31c4fda78957be0bba5bc847b437e1a07f9953e3d93973672280800e8c1dcd34?s=96&d=wavatar&r=g\",\"caption\":\"Steen Garbers Enevoldsen\"},\"url\":\"https:\/\/noerdoteket.dk\/index.php\/author\/steenge\/\"}]}<\/script>\n<!-- \/ Yoast SEO plugin. -->","yoast_head_json":{"title":"Opsang til de IT professionelle - N\u00f8rd&#039;o&#039;teket","robots":{"index":"index","follow":"follow","max-snippet":"max-snippet:-1","max-image-preview":"max-image-preview:large","max-video-preview":"max-video-preview:-1"},"canonical":"https:\/\/noerdoteket.dk\/index.php\/2013\/10\/15\/opsang-til-de-it-professionelle\/","og_locale":"da_DK","og_type":"article","og_title":"Opsang til de IT professionelle - N\u00f8rd&#039;o&#039;teket","og_description":"L\u00e6serbrev sendt til V2.dk i forbindelse med kommunalvalget 2013. Stadig relevant, s\u00e5 jeg tager den med her.\u00a0 Trine Bramsens indl\u00e6g om TOR har forst\u00e5eligt nok aff\u00f8dt en masse kommentarer. Trine har sikkert mange kvalifikationer, men IT kundskaber og N\u00f8rd-t\u00e6kke kan n\u00e6ppe siges at v\u00e6re iblandt dem. Der er masser af fokus p\u00e5 IT i det &hellip; L\u00e6s videre \"Opsang til de IT professionelle\"","og_url":"https:\/\/noerdoteket.dk\/index.php\/2013\/10\/15\/opsang-til-de-it-professionelle\/","og_site_name":"N\u00f8rd&#039;o&#039;teket","article_published_time":"2013-10-15T09:15:54+00:00","article_modified_time":"2016-05-07T07:20:33+00:00","author":"Steen Garbers Enevoldsen","twitter_card":"summary_large_image","twitter_misc":{"Skrevet af":"Steen Garbers Enevoldsen","Estimeret l\u00e6setid":"4 minutter"},"schema":{"@context":"https:\/\/schema.org","@graph":[{"@type":"WebPage","@id":"https:\/\/noerdoteket.dk\/index.php\/2013\/10\/15\/opsang-til-de-it-professionelle\/","url":"https:\/\/noerdoteket.dk\/index.php\/2013\/10\/15\/opsang-til-de-it-professionelle\/","name":"Opsang til de IT professionelle - N\u00f8rd&#039;o&#039;teket","isPartOf":{"@id":"https:\/\/noerdoteket.dk\/#website"},"datePublished":"2013-10-15T09:15:54+00:00","dateModified":"2016-05-07T07:20:33+00:00","author":{"@id":"https:\/\/noerdoteket.dk\/#\/schema\/person\/8ce5cde334be233f967af616016bb204"},"breadcrumb":{"@id":"https:\/\/noerdoteket.dk\/index.php\/2013\/10\/15\/opsang-til-de-it-professionelle\/#breadcrumb"},"inLanguage":"da-DK","potentialAction":[{"@type":"ReadAction","target":["https:\/\/noerdoteket.dk\/index.php\/2013\/10\/15\/opsang-til-de-it-professionelle\/"]}]},{"@type":"BreadcrumbList","@id":"https:\/\/noerdoteket.dk\/index.php\/2013\/10\/15\/opsang-til-de-it-professionelle\/#breadcrumb","itemListElement":[{"@type":"ListItem","position":1,"name":"Hjem","item":"https:\/\/noerdoteket.dk\/"},{"@type":"ListItem","position":2,"name":"Opsang til de IT professionelle"}]},{"@type":"WebSite","@id":"https:\/\/noerdoteket.dk\/#website","url":"https:\/\/noerdoteket.dk\/","name":"N\u00f8rd&#039;o&#039;teket","description":"L\u00f8st og fast om teknologi og dimser","potentialAction":[{"@type":"SearchAction","target":{"@type":"EntryPoint","urlTemplate":"https:\/\/noerdoteket.dk\/?s={search_term_string}"},"query-input":{"@type":"PropertyValueSpecification","valueRequired":true,"valueName":"search_term_string"}}],"inLanguage":"da-DK"},{"@type":"Person","@id":"https:\/\/noerdoteket.dk\/#\/schema\/person\/8ce5cde334be233f967af616016bb204","name":"Steen Garbers Enevoldsen","image":{"@type":"ImageObject","inLanguage":"da-DK","@id":"https:\/\/noerdoteket.dk\/#\/schema\/person\/image\/","url":"https:\/\/secure.gravatar.com\/avatar\/31c4fda78957be0bba5bc847b437e1a07f9953e3d93973672280800e8c1dcd34?s=96&d=wavatar&r=g","contentUrl":"https:\/\/secure.gravatar.com\/avatar\/31c4fda78957be0bba5bc847b437e1a07f9953e3d93973672280800e8c1dcd34?s=96&d=wavatar&r=g","caption":"Steen Garbers Enevoldsen"},"url":"https:\/\/noerdoteket.dk\/index.php\/author\/steenge\/"}]}},"_links":{"self":[{"href":"https:\/\/noerdoteket.dk\/index.php\/wp-json\/wp\/v2\/posts\/168","targetHints":{"allow":["GET"]}}],"collection":[{"href":"https:\/\/noerdoteket.dk\/index.php\/wp-json\/wp\/v2\/posts"}],"about":[{"href":"https:\/\/noerdoteket.dk\/index.php\/wp-json\/wp\/v2\/types\/post"}],"author":[{"embeddable":true,"href":"https:\/\/noerdoteket.dk\/index.php\/wp-json\/wp\/v2\/users\/1"}],"replies":[{"embeddable":true,"href":"https:\/\/noerdoteket.dk\/index.php\/wp-json\/wp\/v2\/comments?post=168"}],"version-history":[{"count":3,"href":"https:\/\/noerdoteket.dk\/index.php\/wp-json\/wp\/v2\/posts\/168\/revisions"}],"predecessor-version":[{"id":725,"href":"https:\/\/noerdoteket.dk\/index.php\/wp-json\/wp\/v2\/posts\/168\/revisions\/725"}],"wp:attachment":[{"href":"https:\/\/noerdoteket.dk\/index.php\/wp-json\/wp\/v2\/media?parent=168"}],"wp:term":[{"taxonomy":"category","embeddable":true,"href":"https:\/\/noerdoteket.dk\/index.php\/wp-json\/wp\/v2\/categories?post=168"},{"taxonomy":"post_tag","embeddable":true,"href":"https:\/\/noerdoteket.dk\/index.php\/wp-json\/wp\/v2\/tags?post=168"}],"curies":[{"name":"wp","href":"https:\/\/api.w.org\/{rel}","templated":true}]}}