{"id":940,"date":"2016-08-23T04:49:35","date_gmt":"2016-08-23T04:49:35","guid":{"rendered":"http:\/\/www.xn--nrdoteket-l8a.dk\/?p=940"},"modified":"2016-08-23T04:49:35","modified_gmt":"2016-08-23T04:49:35","slug":"spaendende-uge-1993","status":"publish","type":"post","link":"https:\/\/noerdoteket.dk\/index.php\/2016\/08\/23\/spaendende-uge-1993\/","title":{"rendered":"En sp\u00e6ndende uge i 1993"},"content":{"rendered":"<div class=\"\" data-block=\"true\" data-editor=\"64ugg\" data-offset-key=\"dqrhn-0-0\">\n<div class=\"_1mf _1mj\" data-offset-key=\"dqrhn-0-0\"><span data-offset-key=\"dqrhn-0-0\"><span data-text=\"true\">Jeg faldt lige over dette billede under en (h\u00e5rdt tiltr\u00e6ngt) oprydning og tog derfor en tur ned ad memory lane. Derfor vil jeg da lige beskrive hvad man kunne kalde en sp\u00e6ndende uge, som jeg oplevede dengang som FN soldat under borgerkrigen i det hedengangne Jugolavien.<\/span><\/span><\/div>\n<div class=\"_1mf _1mj\" data-offset-key=\"dqrhn-0-0\"><\/div>\n<\/div>\n<p><!--more--><\/p>\n<div class=\"\" data-block=\"true\" data-editor=\"64ugg\" data-offset-key=\"f7qfc-0-0\">\n<div class=\"_1mf _1mj\" data-offset-key=\"f7qfc-0-0\"><span data-offset-key=\"f7qfc-0-0\"><span data-text=\"true\">Billedet\u00a0er taget i n\u00e6rheden af Zenica i Bosnien-Hercegovinia i sensommeren\u00a01993. Vi kom k\u00f8rende i en lastbil med 2000 liter benzin og et antal gasflasker p\u00e5 ladet. <\/span><\/span><\/div>\n<\/div>\n<div class=\"_1mf _1mj\" data-offset-key=\"f7qfc-0-0\"><\/div>\n<div class=\"_1mf _1mj\" data-offset-key=\"f7qfc-0-0\"><script async src=\"\/\/pagead2.googlesyndication.com\/pagead\/js\/adsbygoogle.js\"><\/script>\r\n<!-- wp-inpost-add -->\r\n<ins class=\"adsbygoogle\"\r\n     style=\"display:block\"\r\n     data-ad-client=\"ca-pub-7793103161450012\"\r\n     data-ad-slot=\"1741650889\"\r\n     data-ad-format=\"auto\"><\/ins>\r\n<script>\r\n(adsbygoogle = window.adsbygoogle || []).push({});\r\n<\/script><\/div>\n<div class=\"\" data-block=\"true\" data-editor=\"64ugg\" data-offset-key=\"f7qfc-0-0\">\n<div class=\"_1mf _1mj\" data-offset-key=\"f7qfc-0-0\"><\/div>\n<div class=\"_1mf _1mj\" data-offset-key=\"f7qfc-0-0\"><span data-offset-key=\"f7qfc-0-0\"><span data-text=\"true\">Dengang under borgerkrigen var den slags i h\u00f8j kurs, og hele det krigsh\u00e6rgede omr\u00e5de var totalt lovl\u00f8st. En af de mange lokale millitser havde derfor lagt sig i baghold. Da de begyndte at skyde jokkede jeg s\u00f8mmet i bund, og heldigvis slap vi igennem (der havde allerede v\u00e6ret adskillige eksempler p\u00e5, at FN soldater var blevet sl\u00e5et ihjel for ressourcer). Det lykkedes dem dog at f\u00e5 et par tr\u00e6ffere i min lastbils venstre bagd\u00e6k og nav. <\/span><\/span><\/div>\n<\/div>\n<div class=\"\" data-block=\"true\" data-editor=\"64ugg\" data-offset-key=\"8mv4a-0-0\">\n<div class=\"_1mf _1mj\" data-offset-key=\"8mv4a-0-0\"><span data-offset-key=\"8mv4a-0-0\">\u00a0<\/span><\/div>\n<\/div>\n<div class=\"\" data-block=\"true\" data-editor=\"64ugg\" data-offset-key=\"c7se0-0-0\">\n<div class=\"_1mf _1mj\" data-offset-key=\"c7se0-0-0\"><span data-offset-key=\"c7se0-0-0\"><span data-text=\"true\">Til trods for det flade d\u00e6k kunne vi heldigvis k\u00f8re derfra og endte i n\u00e6rheden af checkpointet ved Zenica Flyover, hvor billedet er taget. Radiod\u00e6kningen var elendig i bjergene og vi kunne ikke f\u00e5 fat i HQ og tilkalde forst\u00e6rkninger. Vi var kun min lastbil og en GD og havde kun lette v\u00e5ben (den rute var hidtil blevet betragtet som relativt sikker). &#8220;Soldaterne&#8221; ved checkpointet strakte hals og virkede interesseret i os, hvilket ikke var s\u00e6rlig betryggende, og vi stod og snakkede om, hvad fanden g\u00f8r vi nu?<\/span><\/span><\/div>\n<\/div>\n<div class=\"\" data-block=\"true\" data-editor=\"64ugg\" data-offset-key=\"7mp5t-0-0\">\n<div class=\"_1mf _1mj\" data-offset-key=\"7mp5t-0-0\"><\/div>\n<div class=\"_1mf _1mj\" data-offset-key=\"7mp5t-0-0\"><span data-offset-key=\"7mp5t-0-0\"><script async src=\"\/\/pagead2.googlesyndication.com\/pagead\/js\/adsbygoogle.js\"><\/script>\r\n<!-- wp-inpost-add -->\r\n<ins class=\"adsbygoogle\"\r\n     style=\"display:block\"\r\n     data-ad-client=\"ca-pub-7793103161450012\"\r\n     data-ad-slot=\"1741650889\"\r\n     data-ad-format=\"auto\"><\/ins>\r\n<script>\r\n(adsbygoogle = window.adsbygoogle || []).push({});\r\n<\/script>\u00a0<\/span><\/div>\n<div class=\"_1mf _1mj\" data-offset-key=\"7mp5t-0-0\"><\/div>\n<\/div>\n<div class=\"\" data-block=\"true\" data-editor=\"64ugg\" data-offset-key=\"2keku-0-0\">\n<div class=\"_1mf _1mj\" data-offset-key=\"2keku-0-0\"><span data-offset-key=\"2keku-0-0\"><span data-text=\"true\">Til alt held kom der en engelsk patrulje i en let kampvogn (en Warrior) forbi, som vi fik vinket ind til siden. Soldaterne ved checkpointet mistede derved interessen for os, og engl\u00e6nderne havde en kraftigere radio s\u00e5 vi kunne &#8220;ringe hjem&#8221;. Jeg skiftede det punkterede hjul og fandt en pind som jeg snittede til og bankede ind i hullet i navet, s\u00e5 vi kunne &#8220;humpe&#8221; hjem til lejren. <\/span><\/span><\/div>\n<\/div>\n<div class=\"\" data-block=\"true\" data-editor=\"64ugg\" data-offset-key=\"bvq6f-0-0\">\n<div class=\"_1mf _1mj\" data-offset-key=\"bvq6f-0-0\"><span data-offset-key=\"bvq6f-0-0\">\u00a0<\/span><\/div>\n<\/div>\n<div class=\"\" data-block=\"true\" data-editor=\"64ugg\" data-offset-key=\"3up96-0-0\">\n<div class=\"_1mf _1mj\" data-offset-key=\"3up96-0-0\"><span data-offset-key=\"3up96-0-0\"><span data-text=\"true\">Senere hjemme i lejren hjalp jeg mekanikeren med at fixe navet og vi fandt et panserbrydende projektil inde i klokken der beskytter hjullejet.<\/span><\/span><\/div>\n<div class=\"_1mf _1mj\" data-offset-key=\"3up96-0-0\"><a href=\"http:\/\/www.n\u00f8rdoteket.dk\/wp-content\/uploads\/2016\/08\/kugle.png\"><img loading=\"lazy\" decoding=\"async\" class=\"aligncenter size-large wp-image-941\" src=\"http:\/\/www.n\u00f8rdoteket.dk\/wp-content\/uploads\/2016\/08\/kugle-1024x790.png\" alt=\"kugle\" width=\"840\" height=\"648\" srcset=\"https:\/\/noerdoteket.dk\/wp-content\/uploads\/2016\/08\/kugle-1024x790.png 1024w, https:\/\/noerdoteket.dk\/wp-content\/uploads\/2016\/08\/kugle-300x231.png 300w, https:\/\/noerdoteket.dk\/wp-content\/uploads\/2016\/08\/kugle-768x592.png 768w, https:\/\/noerdoteket.dk\/wp-content\/uploads\/2016\/08\/kugle.png 1198w\" sizes=\"auto, (max-width: 709px) 85vw, (max-width: 909px) 67vw, (max-width: 1362px) 62vw, 840px\" \/><\/a><\/div>\n<div class=\"_1mf _1mj\" data-offset-key=\"3up96-0-0\">Medens vi gik og rodede med lastbilen blussede kampene i omr\u00e5det op, og en stilling et par hundrede meter fra os kom under beskydning af fladbaneskyts. Vi h\u00f8rte den brusende lyd af granaten passere over vores hoveder og et sekund senere\u00a0slog granaten ned ca 150 meter uden for lejren. Bzzzzz-DING sagde det, og det metalfad der l\u00e5 p\u00e5 arbejdsbordet og vi opbevarede m\u00f8trikker i, r\u00f8g p\u00e5 jorden med et rabalder. Det var et fragment fra granaten som var fl\u00f8jet\u00a0i en bue ind over de defence walls som lejren var omkranset af:<\/div>\n<div class=\"_1mf _1mj\" data-offset-key=\"3up96-0-0\"><a href=\"http:\/\/www.n\u00f8rdoteket.dk\/wp-content\/uploads\/2016\/08\/fragment.png\"><img loading=\"lazy\" decoding=\"async\" class=\"aligncenter size-large wp-image-942\" src=\"http:\/\/www.n\u00f8rdoteket.dk\/wp-content\/uploads\/2016\/08\/fragment-1024x721.png\" alt=\"fragment\" width=\"840\" height=\"591\" srcset=\"https:\/\/noerdoteket.dk\/wp-content\/uploads\/2016\/08\/fragment-1024x721.png 1024w, https:\/\/noerdoteket.dk\/wp-content\/uploads\/2016\/08\/fragment-300x211.png 300w, https:\/\/noerdoteket.dk\/wp-content\/uploads\/2016\/08\/fragment-768x541.png 768w, https:\/\/noerdoteket.dk\/wp-content\/uploads\/2016\/08\/fragment-1200x845.png 1200w, https:\/\/noerdoteket.dk\/wp-content\/uploads\/2016\/08\/fragment.png 1534w\" sizes=\"auto, (max-width: 709px) 85vw, (max-width: 909px) 67vw, (max-width: 1362px) 62vw, 840px\" \/><\/a><\/div>\n<\/div>\n<div class=\"_1mf _1mj\" data-offset-key=\"3up96-0-0\">Fragmentet er knap 2 cm, og det er nemt at forestille sig hvor megen skade s\u00e5dan en klump metal kan g\u00f8re, hvis den passerer gennem kroppen. Krig er noget lort!<\/div>\n<div class=\"_1mf _1mj\" data-offset-key=\"3up96-0-0\"><\/div>\n<div class=\"\" data-block=\"true\" data-editor=\"64ugg\" data-offset-key=\"3up96-0-0\">\n<div class=\"_1mf _1mj\" data-offset-key=\"3up96-0-0\">Som sagt, det var en sp\u00e6ndende uge dengang i 1993.<\/div>\n<\/div>\n<div class=\"_1mf _1mj\" data-offset-key=\"3up96-0-0\"><\/div>\n<div class=\"_1mf _1mj\" data-offset-key=\"3up96-0-0\"><script async src=\"https:\/\/pagead2.googlesyndication.com\/pagead\/js\/adsbygoogle.js\"><\/script>\r\n<!-- wp-ad-rect -->\r\n<ins class=\"adsbygoogle\"\r\n     style=\"display:block\"\r\n     data-ad-client=\"ca-pub-7793103161450012\"\r\n     data-ad-slot=\"8706514482\"\r\n     data-ad-format=\"auto\"><\/ins>\r\n<script>\r\n     (adsbygoogle = window.adsbygoogle || []).push({});\r\n<\/script><\/div>\n","protected":false},"excerpt":{"rendered":"<p>Jeg faldt lige over dette billede under en (h\u00e5rdt tiltr\u00e6ngt) oprydning og tog derfor en tur ned ad memory lane. Derfor vil jeg da lige beskrive hvad man kunne kalde en sp\u00e6ndende uge, som jeg oplevede dengang som FN soldat under borgerkrigen i det hedengangne Jugolavien.<\/p>\n","protected":false},"author":1,"featured_media":943,"comment_status":"open","ping_status":"open","sticky":false,"template":"","format":"standard","meta":{"footnotes":""},"categories":[45,159],"tags":[161,163,164,162,160,165],"class_list":["post-940","post","type-post","status-publish","format-standard","has-post-thumbnail","hentry","category-diverse","category-historie","tag-borgerkrig","tag-bosnien","tag-fn","tag-jugoslavien","tag-krig","tag-unprofor"],"yoast_head":"<!-- This site is optimized with the Yoast SEO plugin v25.8 - https:\/\/yoast.com\/wordpress\/plugins\/seo\/ -->\n<title>En sp\u00e6ndende uge i 1993 - N\u00f8rd&#039;o&#039;teket<\/title>\n<meta name=\"robots\" content=\"index, follow, max-snippet:-1, max-image-preview:large, max-video-preview:-1\" \/>\n<link rel=\"canonical\" href=\"https:\/\/noerdoteket.dk\/index.php\/2016\/08\/23\/spaendende-uge-1993\/\" \/>\n<meta property=\"og:locale\" content=\"da_DK\" \/>\n<meta property=\"og:type\" content=\"article\" \/>\n<meta property=\"og:title\" content=\"En sp\u00e6ndende uge i 1993 - N\u00f8rd&#039;o&#039;teket\" \/>\n<meta property=\"og:description\" content=\"Jeg faldt lige over dette billede under en (h\u00e5rdt tiltr\u00e6ngt) oprydning og tog derfor en tur ned ad memory lane. Derfor vil jeg da lige beskrive hvad man kunne kalde en sp\u00e6ndende uge, som jeg oplevede dengang som FN soldat under borgerkrigen i det hedengangne Jugolavien.\" \/>\n<meta property=\"og:url\" content=\"https:\/\/noerdoteket.dk\/index.php\/2016\/08\/23\/spaendende-uge-1993\/\" \/>\n<meta property=\"og:site_name\" content=\"N\u00f8rd&#039;o&#039;teket\" \/>\n<meta property=\"article:published_time\" content=\"2016-08-23T04:49:35+00:00\" \/>\n<meta property=\"og:image\" content=\"https:\/\/noerdoteket.dk\/wp-content\/uploads\/2016\/08\/2016-08-13-12.55.56.jpg\" \/>\n\t<meta property=\"og:image:width\" content=\"1440\" \/>\n\t<meta property=\"og:image:height\" content=\"1080\" \/>\n\t<meta property=\"og:image:type\" content=\"image\/jpeg\" \/>\n<meta name=\"author\" content=\"Steen Garbers Enevoldsen\" \/>\n<meta name=\"twitter:card\" content=\"summary_large_image\" \/>\n<meta name=\"twitter:label1\" content=\"Skrevet af\" \/>\n\t<meta name=\"twitter:data1\" content=\"Steen Garbers Enevoldsen\" \/>\n\t<meta name=\"twitter:label2\" content=\"Estimeret l\u00e6setid\" \/>\n\t<meta name=\"twitter:data2\" content=\"2 minutter\" \/>\n<script type=\"application\/ld+json\" class=\"yoast-schema-graph\">{\"@context\":\"https:\/\/schema.org\",\"@graph\":[{\"@type\":\"WebPage\",\"@id\":\"https:\/\/noerdoteket.dk\/index.php\/2016\/08\/23\/spaendende-uge-1993\/\",\"url\":\"https:\/\/noerdoteket.dk\/index.php\/2016\/08\/23\/spaendende-uge-1993\/\",\"name\":\"En sp\u00e6ndende uge i 1993 - N\u00f8rd&#039;o&#039;teket\",\"isPartOf\":{\"@id\":\"https:\/\/noerdoteket.dk\/#website\"},\"primaryImageOfPage\":{\"@id\":\"https:\/\/noerdoteket.dk\/index.php\/2016\/08\/23\/spaendende-uge-1993\/#primaryimage\"},\"image\":{\"@id\":\"https:\/\/noerdoteket.dk\/index.php\/2016\/08\/23\/spaendende-uge-1993\/#primaryimage\"},\"thumbnailUrl\":\"https:\/\/noerdoteket.dk\/wp-content\/uploads\/2016\/08\/2016-08-13-12.55.56.jpg\",\"datePublished\":\"2016-08-23T04:49:35+00:00\",\"author\":{\"@id\":\"https:\/\/noerdoteket.dk\/#\/schema\/person\/8ce5cde334be233f967af616016bb204\"},\"breadcrumb\":{\"@id\":\"https:\/\/noerdoteket.dk\/index.php\/2016\/08\/23\/spaendende-uge-1993\/#breadcrumb\"},\"inLanguage\":\"da-DK\",\"potentialAction\":[{\"@type\":\"ReadAction\",\"target\":[\"https:\/\/noerdoteket.dk\/index.php\/2016\/08\/23\/spaendende-uge-1993\/\"]}]},{\"@type\":\"ImageObject\",\"inLanguage\":\"da-DK\",\"@id\":\"https:\/\/noerdoteket.dk\/index.php\/2016\/08\/23\/spaendende-uge-1993\/#primaryimage\",\"url\":\"https:\/\/noerdoteket.dk\/wp-content\/uploads\/2016\/08\/2016-08-13-12.55.56.jpg\",\"contentUrl\":\"https:\/\/noerdoteket.dk\/wp-content\/uploads\/2016\/08\/2016-08-13-12.55.56.jpg\",\"width\":1440,\"height\":1080},{\"@type\":\"BreadcrumbList\",\"@id\":\"https:\/\/noerdoteket.dk\/index.php\/2016\/08\/23\/spaendende-uge-1993\/#breadcrumb\",\"itemListElement\":[{\"@type\":\"ListItem\",\"position\":1,\"name\":\"Hjem\",\"item\":\"https:\/\/noerdoteket.dk\/\"},{\"@type\":\"ListItem\",\"position\":2,\"name\":\"En sp\u00e6ndende uge i 1993\"}]},{\"@type\":\"WebSite\",\"@id\":\"https:\/\/noerdoteket.dk\/#website\",\"url\":\"https:\/\/noerdoteket.dk\/\",\"name\":\"N\u00f8rd&#039;o&#039;teket\",\"description\":\"L\u00f8st og fast om teknologi og dimser\",\"potentialAction\":[{\"@type\":\"SearchAction\",\"target\":{\"@type\":\"EntryPoint\",\"urlTemplate\":\"https:\/\/noerdoteket.dk\/?s={search_term_string}\"},\"query-input\":{\"@type\":\"PropertyValueSpecification\",\"valueRequired\":true,\"valueName\":\"search_term_string\"}}],\"inLanguage\":\"da-DK\"},{\"@type\":\"Person\",\"@id\":\"https:\/\/noerdoteket.dk\/#\/schema\/person\/8ce5cde334be233f967af616016bb204\",\"name\":\"Steen Garbers Enevoldsen\",\"image\":{\"@type\":\"ImageObject\",\"inLanguage\":\"da-DK\",\"@id\":\"https:\/\/noerdoteket.dk\/#\/schema\/person\/image\/\",\"url\":\"https:\/\/secure.gravatar.com\/avatar\/31c4fda78957be0bba5bc847b437e1a07f9953e3d93973672280800e8c1dcd34?s=96&d=wavatar&r=g\",\"contentUrl\":\"https:\/\/secure.gravatar.com\/avatar\/31c4fda78957be0bba5bc847b437e1a07f9953e3d93973672280800e8c1dcd34?s=96&d=wavatar&r=g\",\"caption\":\"Steen Garbers Enevoldsen\"},\"url\":\"https:\/\/noerdoteket.dk\/index.php\/author\/steenge\/\"}]}<\/script>\n<!-- \/ Yoast SEO plugin. -->","yoast_head_json":{"title":"En sp\u00e6ndende uge i 1993 - N\u00f8rd&#039;o&#039;teket","robots":{"index":"index","follow":"follow","max-snippet":"max-snippet:-1","max-image-preview":"max-image-preview:large","max-video-preview":"max-video-preview:-1"},"canonical":"https:\/\/noerdoteket.dk\/index.php\/2016\/08\/23\/spaendende-uge-1993\/","og_locale":"da_DK","og_type":"article","og_title":"En sp\u00e6ndende uge i 1993 - N\u00f8rd&#039;o&#039;teket","og_description":"Jeg faldt lige over dette billede under en (h\u00e5rdt tiltr\u00e6ngt) oprydning og tog derfor en tur ned ad memory lane. Derfor vil jeg da lige beskrive hvad man kunne kalde en sp\u00e6ndende uge, som jeg oplevede dengang som FN soldat under borgerkrigen i det hedengangne Jugolavien.","og_url":"https:\/\/noerdoteket.dk\/index.php\/2016\/08\/23\/spaendende-uge-1993\/","og_site_name":"N\u00f8rd&#039;o&#039;teket","article_published_time":"2016-08-23T04:49:35+00:00","og_image":[{"width":1440,"height":1080,"url":"https:\/\/noerdoteket.dk\/wp-content\/uploads\/2016\/08\/2016-08-13-12.55.56.jpg","type":"image\/jpeg"}],"author":"Steen Garbers Enevoldsen","twitter_card":"summary_large_image","twitter_misc":{"Skrevet af":"Steen Garbers Enevoldsen","Estimeret l\u00e6setid":"2 minutter"},"schema":{"@context":"https:\/\/schema.org","@graph":[{"@type":"WebPage","@id":"https:\/\/noerdoteket.dk\/index.php\/2016\/08\/23\/spaendende-uge-1993\/","url":"https:\/\/noerdoteket.dk\/index.php\/2016\/08\/23\/spaendende-uge-1993\/","name":"En sp\u00e6ndende uge i 1993 - N\u00f8rd&#039;o&#039;teket","isPartOf":{"@id":"https:\/\/noerdoteket.dk\/#website"},"primaryImageOfPage":{"@id":"https:\/\/noerdoteket.dk\/index.php\/2016\/08\/23\/spaendende-uge-1993\/#primaryimage"},"image":{"@id":"https:\/\/noerdoteket.dk\/index.php\/2016\/08\/23\/spaendende-uge-1993\/#primaryimage"},"thumbnailUrl":"https:\/\/noerdoteket.dk\/wp-content\/uploads\/2016\/08\/2016-08-13-12.55.56.jpg","datePublished":"2016-08-23T04:49:35+00:00","author":{"@id":"https:\/\/noerdoteket.dk\/#\/schema\/person\/8ce5cde334be233f967af616016bb204"},"breadcrumb":{"@id":"https:\/\/noerdoteket.dk\/index.php\/2016\/08\/23\/spaendende-uge-1993\/#breadcrumb"},"inLanguage":"da-DK","potentialAction":[{"@type":"ReadAction","target":["https:\/\/noerdoteket.dk\/index.php\/2016\/08\/23\/spaendende-uge-1993\/"]}]},{"@type":"ImageObject","inLanguage":"da-DK","@id":"https:\/\/noerdoteket.dk\/index.php\/2016\/08\/23\/spaendende-uge-1993\/#primaryimage","url":"https:\/\/noerdoteket.dk\/wp-content\/uploads\/2016\/08\/2016-08-13-12.55.56.jpg","contentUrl":"https:\/\/noerdoteket.dk\/wp-content\/uploads\/2016\/08\/2016-08-13-12.55.56.jpg","width":1440,"height":1080},{"@type":"BreadcrumbList","@id":"https:\/\/noerdoteket.dk\/index.php\/2016\/08\/23\/spaendende-uge-1993\/#breadcrumb","itemListElement":[{"@type":"ListItem","position":1,"name":"Hjem","item":"https:\/\/noerdoteket.dk\/"},{"@type":"ListItem","position":2,"name":"En sp\u00e6ndende uge i 1993"}]},{"@type":"WebSite","@id":"https:\/\/noerdoteket.dk\/#website","url":"https:\/\/noerdoteket.dk\/","name":"N\u00f8rd&#039;o&#039;teket","description":"L\u00f8st og fast om teknologi og dimser","potentialAction":[{"@type":"SearchAction","target":{"@type":"EntryPoint","urlTemplate":"https:\/\/noerdoteket.dk\/?s={search_term_string}"},"query-input":{"@type":"PropertyValueSpecification","valueRequired":true,"valueName":"search_term_string"}}],"inLanguage":"da-DK"},{"@type":"Person","@id":"https:\/\/noerdoteket.dk\/#\/schema\/person\/8ce5cde334be233f967af616016bb204","name":"Steen Garbers Enevoldsen","image":{"@type":"ImageObject","inLanguage":"da-DK","@id":"https:\/\/noerdoteket.dk\/#\/schema\/person\/image\/","url":"https:\/\/secure.gravatar.com\/avatar\/31c4fda78957be0bba5bc847b437e1a07f9953e3d93973672280800e8c1dcd34?s=96&d=wavatar&r=g","contentUrl":"https:\/\/secure.gravatar.com\/avatar\/31c4fda78957be0bba5bc847b437e1a07f9953e3d93973672280800e8c1dcd34?s=96&d=wavatar&r=g","caption":"Steen Garbers Enevoldsen"},"url":"https:\/\/noerdoteket.dk\/index.php\/author\/steenge\/"}]}},"_links":{"self":[{"href":"https:\/\/noerdoteket.dk\/index.php\/wp-json\/wp\/v2\/posts\/940","targetHints":{"allow":["GET"]}}],"collection":[{"href":"https:\/\/noerdoteket.dk\/index.php\/wp-json\/wp\/v2\/posts"}],"about":[{"href":"https:\/\/noerdoteket.dk\/index.php\/wp-json\/wp\/v2\/types\/post"}],"author":[{"embeddable":true,"href":"https:\/\/noerdoteket.dk\/index.php\/wp-json\/wp\/v2\/users\/1"}],"replies":[{"embeddable":true,"href":"https:\/\/noerdoteket.dk\/index.php\/wp-json\/wp\/v2\/comments?post=940"}],"version-history":[{"count":15,"href":"https:\/\/noerdoteket.dk\/index.php\/wp-json\/wp\/v2\/posts\/940\/revisions"}],"predecessor-version":[{"id":959,"href":"https:\/\/noerdoteket.dk\/index.php\/wp-json\/wp\/v2\/posts\/940\/revisions\/959"}],"wp:featuredmedia":[{"embeddable":true,"href":"https:\/\/noerdoteket.dk\/index.php\/wp-json\/wp\/v2\/media\/943"}],"wp:attachment":[{"href":"https:\/\/noerdoteket.dk\/index.php\/wp-json\/wp\/v2\/media?parent=940"}],"wp:term":[{"taxonomy":"category","embeddable":true,"href":"https:\/\/noerdoteket.dk\/index.php\/wp-json\/wp\/v2\/categories?post=940"},{"taxonomy":"post_tag","embeddable":true,"href":"https:\/\/noerdoteket.dk\/index.php\/wp-json\/wp\/v2\/tags?post=940"}],"curies":[{"name":"wp","href":"https:\/\/api.w.org\/{rel}","templated":true}]}}